{"id":53423,"date":"2022-08-25T10:20:07","date_gmt":"2022-08-25T07:20:07","guid":{"rendered":"https:\/\/homs-univ.edu.sy\/2022\/08\/depot-de-candidatures-au-diplome-de-formation-pedagogique\/"},"modified":"2022-08-25T10:20:07","modified_gmt":"2022-08-25T07:20:07","slug":"depot-de-candidatures-au-diplome-de-formation-pedagogique","status":"publish","type":"post","link":"https:\/\/homs-univ.edu.sy\/fr\/2022\/08\/depot-de-candidatures-au-diplome-de-formation-pedagogique\/","title":{"rendered":"L&rsquo;Universit\u00e9 Al Baath annone l&rsquo;ouverture de la p\u00e9riode de d\u00e9p\u00f4t de candidatures au concours d&rsquo;admission au dipl\u00f4me de formation p\u00e9dagogique (admission g\u00e9n\u00e9rale et parall\u00e8le) dans les facult\u00e9s d&rsquo;\u00c9ducation (\u00e0 Homs et \u00e0 Palmyre) pour l&rsquo;ann\u00e9e universitaire 2022- 2023."},"content":{"rendered":"<p>L&rsquo;Universit\u00e9 Al Baath annone l&rsquo;ouverture de la p\u00e9riode de d\u00e9p\u00f4t de candidatures au concours d&rsquo;admission au dipl\u00f4me de formation p\u00e9dagogique (admission g\u00e9n\u00e9rale et parall\u00e8le) dans les facult\u00e9s d&rsquo;\u00c9ducation (\u00e0 Homs et \u00e0 Palmyre) pour l&rsquo;ann\u00e9e universitaire 2022- 2023.<\/p>\n<p>Les demandes de candidatures seront pr\u00e9sent\u00e9es \u00e0 la Direction de la Recherche Scientifique et des \u00c9tudes Sup\u00e9rieures au B\u00e2timent de la Direction Centrale \u00e0 partir de 30\/08\/2022 jusqu&rsquo;au 12\/09\/2022.<\/p>\n<p>&#x2b07;&#xfe0f; <a href=\"https:\/\/homs-univ.edu.sy\/wp-content\/uploads\/2022\/08\/%D9%85%D9%81%D8%A7%D8%B6%D9%84%D8%A9-%D8%AF%D8%A8%D9%84%D9%88%D9%85-%D8%A7%D9%84%D8%AA%D8%A3%D9%87%D9%8A%D9%84-%D8%A7%D9%84%D8%AA%D8%B1%D8%A8%D9%88%D9%8A-2022-2023-1.pdf\">Les documents et les conditions requis au concours <\/a><\/p>\n<div id=\"gtx-trans\" style=\"position: absolute; left: 372px; top: -1.6px;\">\n<div class=\"gtx-trans-icon\"><\/div>\n<\/div>\n","protected":false},"excerpt":{"rendered":"<p>L&rsquo;Universit\u00e9 Al Baath annone l&rsquo;ouverture de la p\u00e9riode de d\u00e9p\u00f4t de candidatures au concours d&rsquo;admission au dipl\u00f4me de formation p\u00e9dagogique (admission g\u00e9n\u00e9rale et parall\u00e8le) dans les<span class=\"excerpt-hellip\"> [\u2026]<\/span><\/p>\n","protected":false},"author":4,"featured_media":89380,"comment_status":"closed","ping_status":"closed","sticky":false,"template":"","format":"standard","meta":{"_acf_changed":false,"footnotes":""},"categories":[111,119],"tags":[],"class_list":["post-53423","post","type-post","status-publish","format-standard","has-post-thumbnail","hentry","category-annonces","category-special"],"acf":[],"_links":{"self":[{"href":"https:\/\/homs-univ.edu.sy\/fr\/wp-json\/wp\/v2\/posts\/53423","targetHints":{"allow":["GET"]}}],"collection":[{"href":"https:\/\/homs-univ.edu.sy\/fr\/wp-json\/wp\/v2\/posts"}],"about":[{"href":"https:\/\/homs-univ.edu.sy\/fr\/wp-json\/wp\/v2\/types\/post"}],"author":[{"embeddable":true,"href":"https:\/\/homs-univ.edu.sy\/fr\/wp-json\/wp\/v2\/users\/4"}],"replies":[{"embeddable":true,"href":"https:\/\/homs-univ.edu.sy\/fr\/wp-json\/wp\/v2\/comments?post=53423"}],"version-history":[{"count":0,"href":"https:\/\/homs-univ.edu.sy\/fr\/wp-json\/wp\/v2\/posts\/53423\/revisions"}],"wp:featuredmedia":[{"embeddable":true,"href":"https:\/\/homs-univ.edu.sy\/fr\/wp-json\/wp\/v2\/media\/89380"}],"wp:attachment":[{"href":"https:\/\/homs-univ.edu.sy\/fr\/wp-json\/wp\/v2\/media?parent=53423"}],"wp:term":[{"taxonomy":"category","embeddable":true,"href":"https:\/\/homs-univ.edu.sy\/fr\/wp-json\/wp\/v2\/categories?post=53423"},{"taxonomy":"post_tag","embeddable":true,"href":"https:\/\/homs-univ.edu.sy\/fr\/wp-json\/wp\/v2\/tags?post=53423"}],"curies":[{"name":"wp","href":"https:\/\/api.w.org\/{rel}","templated":true}]}}