{"id":57571,"date":"2022-11-03T16:16:34","date_gmt":"2022-11-03T14:16:34","guid":{"rendered":"https:\/\/homs-univ.edu.sy\/2022\/11\/annonce-importante-11\/"},"modified":"2022-11-03T16:16:34","modified_gmt":"2022-11-03T14:16:34","slug":"annonce-importante-11","status":"publish","type":"post","link":"https:\/\/homs-univ.edu.sy\/fr\/2022\/11\/annonce-importante-11\/","title":{"rendered":"Annonce du concours priv\u00e9 de l&rsquo;\u00e9change culturel pour les \u00e9tudiants de premier cycle, au titre de l&rsquo;ann\u00e9e universitaire 2022-2023, dans le cadre du programme du monde en Serbie."},"content":{"rendered":"<p>Annonce du concours priv\u00e9 de l&rsquo;\u00e9change culturel pour les \u00e9tudiants de premier cycle, au titre de l&rsquo;ann\u00e9e universitaire 2022-2023, dans le cadre du programme du monde en Serbie.<\/p>\n<ul>\n<li><a href=\"https:\/\/homs-univ.edu.sy\/wp-content\/uploads\/2022\/11\/%D8%A5%D8%B9%D9%84%D8%A7%D9%86-%D8%A7%D9%84%D8%AA%D8%A8%D8%A7%D8%AF%D9%84-%D8%A7%D9%84%D8%AB%D9%82%D8%A7%D9%81%D9%8A-%D8%B5%D8%B1%D8%A8%D9%8A%D8%A7-2023.pdf\">L&rsquo;annonce de l&rsquo;\u00e9change culturel 2023<\/a><\/li>\n<li><a href=\"https:\/\/homs-univ.edu.sy\/wp-content\/uploads\/2022\/11\/%D8%A7%D8%AE%D8%AA%D8%B5%D8%A7%D8%B5%D8%A7%D8%AA-%D8%B5%D8%B1%D8%A8%D9%8A%D8%A7-2023.pdf\">Les sp\u00e9cialit\u00e9s 2023<\/a><\/li>\n<li><a href=\"https:\/\/homs-univ.edu.sy\/wp-content\/uploads\/2022\/11\/%D8%AC%D8%A7%D9%85%D8%B9%D8%A7%D8%AA_%D8%B5%D8%B1%D8%A8%D9%8A%D8%A7_%D8%A7%D9%84%D9%85%D8%B9%D8%AA%D9%85%D8%AF%D8%A9_%D9%84%D8%AF%D9%89_%D9%88%D8%B2%D8%A7%D8%B1%D8%A9_%D8%A7%D9%84%D8%AA%D8%B9%D9%84%D9%8A%D9%85_%D8%A7%D9%84%D8%B9%D8%A7%D9%84%D9%8A3_11_2022.pdf\">Les universit\u00e9s de Serbie accr\u00e9dit\u00e9es par le Minist\u00e8re de l\u2019Enseignement Sup\u00e9rieur 03\/11\/2022<\/a><\/li>\n<li><a href=\"https:\/\/homs-univ.edu.sy\/wp-content\/uploads\/2022\/11\/application-form-serbia3-11-2022.pdf\">Application form serbia3-11-2022<\/a><\/li>\n<\/ul>\n<p>&nbsp;<\/p>\n","protected":false},"excerpt":{"rendered":"<p>Annonce du concours priv\u00e9 de l&rsquo;\u00e9change culturel pour les \u00e9tudiants de premier cycle, au titre de l&rsquo;ann\u00e9e universitaire 2022-2023, dans le cadre du programme du monde<span class=\"excerpt-hellip\"> [\u2026]<\/span><\/p>\n","protected":false},"author":6,"featured_media":89380,"comment_status":"closed","ping_status":"closed","sticky":false,"template":"","format":"standard","meta":{"_acf_changed":false,"footnotes":""},"categories":[111,16],"tags":[],"class_list":["post-57571","post","type-post","status-publish","format-standard","has-post-thumbnail","hentry","category-annonces","category-16"],"acf":[],"_links":{"self":[{"href":"https:\/\/homs-univ.edu.sy\/fr\/wp-json\/wp\/v2\/posts\/57571","targetHints":{"allow":["GET"]}}],"collection":[{"href":"https:\/\/homs-univ.edu.sy\/fr\/wp-json\/wp\/v2\/posts"}],"about":[{"href":"https:\/\/homs-univ.edu.sy\/fr\/wp-json\/wp\/v2\/types\/post"}],"author":[{"embeddable":true,"href":"https:\/\/homs-univ.edu.sy\/fr\/wp-json\/wp\/v2\/users\/6"}],"replies":[{"embeddable":true,"href":"https:\/\/homs-univ.edu.sy\/fr\/wp-json\/wp\/v2\/comments?post=57571"}],"version-history":[{"count":0,"href":"https:\/\/homs-univ.edu.sy\/fr\/wp-json\/wp\/v2\/posts\/57571\/revisions"}],"wp:featuredmedia":[{"embeddable":true,"href":"https:\/\/homs-univ.edu.sy\/fr\/wp-json\/wp\/v2\/media\/89380"}],"wp:attachment":[{"href":"https:\/\/homs-univ.edu.sy\/fr\/wp-json\/wp\/v2\/media?parent=57571"}],"wp:term":[{"taxonomy":"category","embeddable":true,"href":"https:\/\/homs-univ.edu.sy\/fr\/wp-json\/wp\/v2\/categories?post=57571"},{"taxonomy":"post_tag","embeddable":true,"href":"https:\/\/homs-univ.edu.sy\/fr\/wp-json\/wp\/v2\/tags?post=57571"}],"curies":[{"name":"wp","href":"https:\/\/api.w.org\/{rel}","templated":true}]}}