{"id":58530,"date":"2022-11-23T13:10:47","date_gmt":"2022-11-23T11:10:47","guid":{"rendered":"https:\/\/homs-univ.edu.sy\/2022\/11\/discuter-les-moyens-de-cooperation-entre-l-universite-al-baath-et-les-universites-au-chili\/"},"modified":"2022-11-23T13:10:47","modified_gmt":"2022-11-23T11:10:47","slug":"discuter-les-moyens-de-cooperation-entre-l-universite-al-baath-et-les-universites-au-chili","status":"publish","type":"post","link":"https:\/\/homs-univ.edu.sy\/fr\/2022\/11\/discuter-les-moyens-de-cooperation-entre-l-universite-al-baath-et-les-universites-au-chili\/","title":{"rendered":"Discuter les moyens de coop\u00e9ration entre l&rsquo;Universit\u00e9 Al Baath et les universit\u00e9s au Chili"},"content":{"rendered":"<p>Prof. Abdel Baset Al Khatib, recteur de l&rsquo;Universit\u00e9 Al Baath, a discut\u00e9 avec Prof. Patricio Brecky, charg\u00e9 d&rsquo;affaires de l&rsquo;ambassade du Chili en Syrie, les moyens de coop\u00e9ration scientifique et de recherche conjointe entre les deux pays.<\/p>\n<p>Prof. Al Khatib a donn\u00e9 un aper\u00e7u de l&rsquo;Universit\u00e9 Al Baath et de ses facult\u00e9s, du travail continu dans la formation des cadres scientifiques et de recherche et de leur r\u00f4le de d\u00e9veloppement social et culturel, soulignant l&rsquo;importance d&rsquo;\u00e9lever le niveau des relations scientifiques et de recherche entre les deux pays de mani\u00e8re \u00e0 promouvoir les domaines de coop\u00e9ration et d&rsquo;\u00e9change d&rsquo;exp\u00e9riences entre les universit\u00e9s syriennes et chiliennes. \u00c0 son tour, Prof. Patricio Brecki s&rsquo;est f\u00e9licit\u00e9 de visiter l&rsquo;Universit\u00e9 Al Baath, soulignant l&rsquo;importance de la coop\u00e9ration conjointe entre les deux parties dans les domaines scientifiques et techniques. La visite vise \u00e0 identifier les opportunit\u00e9s de communication scientifique entre les universit\u00e9s en Chili et l&rsquo;Universit\u00e9 Al Baath.<\/p>\n<p>Apr\u00e8s la r\u00e9union, les deux parties ont entam\u00e9 une visite \u00e0 la Facult\u00e9 d\u2019\u00c9ducation Musicale unique \u00e0 l&rsquo;Universit\u00e9 Al Baath parmi les universit\u00e9s syriennes, et ils ont \u00e9t\u00e9 inform\u00e9s des laboratoires de la facult\u00e9, de ses \u00e9quipements et de la formation des \u00e9tudiants.<\/p>\n<p>Les vice-recteurs de l&rsquo;Universit\u00e9 Al Baath et le secr\u00e9taire de l&rsquo;universit\u00e9 ont assist\u00e9 \u00e0 la r\u00e9union.<\/p>\n","protected":false},"excerpt":{"rendered":"<p>Prof. Abdel Baset Al Khatib, recteur de l&rsquo;Universit\u00e9 Al Baath, a discut\u00e9 avec Prof. Patricio Brecky, charg\u00e9 d&rsquo;affaires de l&rsquo;ambassade du Chili en Syrie, les moyens<span class=\"excerpt-hellip\"> [\u2026]<\/span><\/p>\n","protected":false},"author":4,"featured_media":58399,"comment_status":"closed","ping_status":"closed","sticky":false,"template":"","format":"standard","meta":{"_acf_changed":false,"footnotes":""},"categories":[110],"tags":[],"class_list":["post-58530","post","type-post","status-publish","format-standard","has-post-thumbnail","hentry","category-actualites"],"acf":[],"_links":{"self":[{"href":"https:\/\/homs-univ.edu.sy\/fr\/wp-json\/wp\/v2\/posts\/58530","targetHints":{"allow":["GET"]}}],"collection":[{"href":"https:\/\/homs-univ.edu.sy\/fr\/wp-json\/wp\/v2\/posts"}],"about":[{"href":"https:\/\/homs-univ.edu.sy\/fr\/wp-json\/wp\/v2\/types\/post"}],"author":[{"embeddable":true,"href":"https:\/\/homs-univ.edu.sy\/fr\/wp-json\/wp\/v2\/users\/4"}],"replies":[{"embeddable":true,"href":"https:\/\/homs-univ.edu.sy\/fr\/wp-json\/wp\/v2\/comments?post=58530"}],"version-history":[{"count":0,"href":"https:\/\/homs-univ.edu.sy\/fr\/wp-json\/wp\/v2\/posts\/58530\/revisions"}],"wp:featuredmedia":[{"embeddable":true,"href":"https:\/\/homs-univ.edu.sy\/fr\/wp-json\/wp\/v2\/media\/58399"}],"wp:attachment":[{"href":"https:\/\/homs-univ.edu.sy\/fr\/wp-json\/wp\/v2\/media?parent=58530"}],"wp:term":[{"taxonomy":"category","embeddable":true,"href":"https:\/\/homs-univ.edu.sy\/fr\/wp-json\/wp\/v2\/categories?post=58530"},{"taxonomy":"post_tag","embeddable":true,"href":"https:\/\/homs-univ.edu.sy\/fr\/wp-json\/wp\/v2\/tags?post=58530"}],"curies":[{"name":"wp","href":"https:\/\/api.w.org\/{rel}","templated":true}]}}