{"id":59336,"date":"2022-12-06T11:07:29","date_gmt":"2022-12-06T09:07:29","guid":{"rendered":"https:\/\/homs-univ.edu.sy\/2022\/12\/le-conseil-de-l-universite-al-baath-fixe-le-calendrier-des-examens-theoriques-et-pratiques\/"},"modified":"2022-12-06T11:07:29","modified_gmt":"2022-12-06T09:07:29","slug":"le-conseil-de-l-universite-al-baath-fixe-le-calendrier-des-examens-theoriques-et-pratiques","status":"publish","type":"post","link":"https:\/\/homs-univ.edu.sy\/fr\/2022\/12\/le-conseil-de-l-universite-al-baath-fixe-le-calendrier-des-examens-theoriques-et-pratiques\/","title":{"rendered":"Le Conseil de l&rsquo;Universit\u00e9 Al Baath fixe le calendrier des examens th\u00e9oriques et pratiques \/ Premier semestre, pour l&rsquo;anne\u00e9 universitaire 2022-2023"},"content":{"rendered":"<p>Au cours de sa sixi\u00e8me session, et sous les auspices du recteur de l&rsquo;universit\u00e9, Prof. Abdel Basset Al Khatib, le Conseil de l&rsquo;Universit\u00e9 fixe le calendrier des examens th\u00e9oriques et pratiques \/ Premier semestre. Selon le calendrier, les \u00e9preuves pratiques commencent le 12\/12\/2022, les examens th\u00e9oriques commencent le 8\/1\/2023 jusqu&rsquo;au 9\/2\/2023.<\/p>\n<p>Prof. Al Khatib a examin\u00e9 la visite de la d\u00e9l\u00e9gation de l&rsquo;Universit\u00e9 Al Baath en Russie et sa participation au premier forum russo-syrien en Russie auquel ont particip\u00e9 25 \u00e9tudiants syriens pour promouvoir le dialogue et discuter des questions scientifiques et de recherche entre les jeunes syriens et russes. D&rsquo;ailleurs, la d\u00e9l\u00e9gation a examin\u00e9 les relations syro-russes et la coop\u00e9ration entre les univerist\u00e9s de deux parties lors d&rsquo;une r\u00e9usion avec le Vice-minitre de l&rsquo;Enseignement Sup\u00e9rieur et le Vice-pr\u00e9sident de l&rsquo;Autorit\u00e9 des Centres Culturels en Russie. Le Conseil a \u00e9galement discut\u00e9 d&rsquo;un certain nombre de questions scientifiques et administratives inscrites \u00e0 son ordre du jour. <\/p>\n","protected":false},"excerpt":{"rendered":"<p>Au cours de sa sixi\u00e8me session, et sous les auspices du recteur de l&rsquo;universit\u00e9, Prof. Abdel Basset Al Khatib, le Conseil de l&rsquo;Universit\u00e9 fixe le calendrier<span class=\"excerpt-hellip\"> [\u2026]<\/span><\/p>\n","protected":false},"author":4,"featured_media":58866,"comment_status":"closed","ping_status":"closed","sticky":false,"template":"","format":"standard","meta":{"_acf_changed":false,"footnotes":""},"categories":[110],"tags":[],"class_list":["post-59336","post","type-post","status-publish","format-standard","has-post-thumbnail","hentry","category-actualites"],"acf":[],"_links":{"self":[{"href":"https:\/\/homs-univ.edu.sy\/fr\/wp-json\/wp\/v2\/posts\/59336","targetHints":{"allow":["GET"]}}],"collection":[{"href":"https:\/\/homs-univ.edu.sy\/fr\/wp-json\/wp\/v2\/posts"}],"about":[{"href":"https:\/\/homs-univ.edu.sy\/fr\/wp-json\/wp\/v2\/types\/post"}],"author":[{"embeddable":true,"href":"https:\/\/homs-univ.edu.sy\/fr\/wp-json\/wp\/v2\/users\/4"}],"replies":[{"embeddable":true,"href":"https:\/\/homs-univ.edu.sy\/fr\/wp-json\/wp\/v2\/comments?post=59336"}],"version-history":[{"count":0,"href":"https:\/\/homs-univ.edu.sy\/fr\/wp-json\/wp\/v2\/posts\/59336\/revisions"}],"wp:featuredmedia":[{"embeddable":true,"href":"https:\/\/homs-univ.edu.sy\/fr\/wp-json\/wp\/v2\/media\/58866"}],"wp:attachment":[{"href":"https:\/\/homs-univ.edu.sy\/fr\/wp-json\/wp\/v2\/media?parent=59336"}],"wp:term":[{"taxonomy":"category","embeddable":true,"href":"https:\/\/homs-univ.edu.sy\/fr\/wp-json\/wp\/v2\/categories?post=59336"},{"taxonomy":"post_tag","embeddable":true,"href":"https:\/\/homs-univ.edu.sy\/fr\/wp-json\/wp\/v2\/tags?post=59336"}],"curies":[{"name":"wp","href":"https:\/\/api.w.org\/{rel}","templated":true}]}}