{"id":63506,"date":"2023-05-16T11:55:37","date_gmt":"2023-05-16T08:55:37","guid":{"rendered":"https:\/\/homs-univ.edu.sy\/2023\/05\/le-conseil-de-l-universite-al-baath-fixe-la-date-de-la-session-d-examens-pratiques-et-theoriques-pour-l-annee-universitaire-2022-2023\/"},"modified":"2023-05-21T10:03:59","modified_gmt":"2023-05-21T07:03:59","slug":"le-conseil-de-l-universite-al-baath-fixe-la-date-de-la-session-d-examens-pratiques-et-theoriques-pour-l-annee-universitaire-2022-2023","status":"publish","type":"post","link":"https:\/\/homs-univ.edu.sy\/fr\/2023\/05\/le-conseil-de-l-universite-al-baath-fixe-la-date-de-la-session-d-examens-pratiques-et-theoriques-pour-l-annee-universitaire-2022-2023\/","title":{"rendered":"Le Conseil de l&rsquo;Universit\u00e9 Al Baath fixe la date de la session d&rsquo;examens pratiques et th\u00e9oriques pour l&rsquo;ann\u00e9e universitaire 2022-2023"},"content":{"rendered":"<p>Au cours de sa 16\u00e8me session, tenue aujourd\u2019hui sous la pr\u00e9sidence du Prof. Abdel Basset Al Khatib, recteur de l\u2019universit\u00e9, le Conseil de l\u2019Universit\u00e9 Al Baath fixe la date de la session d\u2019examens pratiques et th\u00e9oriques, pour le deuxi\u00e8me semestre de l\u2019ann\u00e9e universitaire 2022-2023. Les examens pratiques d\u00e9butent le 11-06-2023 jusqu\u2019au 27-06-2023, tandis que les examens th\u00e9oriques commencent le 04-07-2023 jusqu\u2019au 08-08-2023<\/p>\n<p>Le recteur a indiqu\u00e9 l&rsquo;importance d&rsquo;annoncer tous les r\u00e9sultats de l&rsquo;enseignement ouvert, de les publier \u00e9lectroniquement sur le site de chaque facult\u00e9 et de remettre les grilles de correction aux services d&rsquo;examens.<\/p>\n<p>Prof. Al Khatib a pass\u00e9 en revue les sujets les plus importants de l&rsquo;atelier lanc\u00e9 par le Minist\u00e8re de l&rsquo;Enseignement Sup\u00e9rieur et intitul\u00e9: \u00ab\u00a0Lancer un mod\u00e8le de r\u00e9f\u00e9rence pour l&rsquo;assurance qualit\u00e9 de l&rsquo;enseignement sup\u00e9rieur en Syrie\u00a0\u00bb. cet atelier s&rsquo;inscrit dans le cadre des efforts du minist\u00e8re pour \u00e9tablir les bases de l&rsquo;assurance qualit\u00e9 dans ses \u00e9tablissements d&rsquo;enseignement, pour encourager et d\u00e9velopper du mat\u00e9riel p\u00e9dagogique innovant et des m\u00e9canismes d&rsquo;\u00e9valuation des programmes d&rsquo;\u00e9tudes, des \u00e9tudiants dipl\u00f4m\u00e9s et des membres du corps enseignant de mani\u00e8re \u00e0 renforcer la comp\u00e9titivit\u00e9 au sein des \u00e9tablissements d&rsquo;enseignement sup\u00e9rieur. Enfin, il a soulign\u00e9 l&rsquo;importance de participer \u00e0 la conf\u00e9rence sur l&rsquo;assurance qualit\u00e9 et l&rsquo;accr\u00e9ditation qui se tiendra \u00e0 l&rsquo;Universit\u00e9 de Tishreen les 29 et 30 mai.   <\/p>\n","protected":false},"excerpt":{"rendered":"<p>Au cours de sa 16\u00e8me session, tenue aujourd\u2019hui sous la pr\u00e9sidence du Prof. Abdel Basset Al Khatib, recteur de l\u2019universit\u00e9, le Conseil de l\u2019Universit\u00e9 Al Baath<span class=\"excerpt-hellip\"> [\u2026]<\/span><\/p>\n","protected":false},"author":4,"featured_media":63465,"comment_status":"closed","ping_status":"closed","sticky":false,"template":"","format":"standard","meta":{"_acf_changed":false,"footnotes":""},"categories":[110],"tags":[],"class_list":["post-63506","post","type-post","status-publish","format-standard","has-post-thumbnail","hentry","category-actualites"],"acf":[],"_links":{"self":[{"href":"https:\/\/homs-univ.edu.sy\/fr\/wp-json\/wp\/v2\/posts\/63506","targetHints":{"allow":["GET"]}}],"collection":[{"href":"https:\/\/homs-univ.edu.sy\/fr\/wp-json\/wp\/v2\/posts"}],"about":[{"href":"https:\/\/homs-univ.edu.sy\/fr\/wp-json\/wp\/v2\/types\/post"}],"author":[{"embeddable":true,"href":"https:\/\/homs-univ.edu.sy\/fr\/wp-json\/wp\/v2\/users\/4"}],"replies":[{"embeddable":true,"href":"https:\/\/homs-univ.edu.sy\/fr\/wp-json\/wp\/v2\/comments?post=63506"}],"version-history":[{"count":1,"href":"https:\/\/homs-univ.edu.sy\/fr\/wp-json\/wp\/v2\/posts\/63506\/revisions"}],"predecessor-version":[{"id":63748,"href":"https:\/\/homs-univ.edu.sy\/fr\/wp-json\/wp\/v2\/posts\/63506\/revisions\/63748"}],"wp:featuredmedia":[{"embeddable":true,"href":"https:\/\/homs-univ.edu.sy\/fr\/wp-json\/wp\/v2\/media\/63465"}],"wp:attachment":[{"href":"https:\/\/homs-univ.edu.sy\/fr\/wp-json\/wp\/v2\/media?parent=63506"}],"wp:term":[{"taxonomy":"category","embeddable":true,"href":"https:\/\/homs-univ.edu.sy\/fr\/wp-json\/wp\/v2\/categories?post=63506"},{"taxonomy":"post_tag","embeddable":true,"href":"https:\/\/homs-univ.edu.sy\/fr\/wp-json\/wp\/v2\/tags?post=63506"}],"curies":[{"name":"wp","href":"https:\/\/api.w.org\/{rel}","templated":true}]}}