{"id":63507,"date":"2023-05-15T13:59:21","date_gmt":"2023-05-15T10:59:21","guid":{"rendered":"https:\/\/homs-univ.edu.sy\/2023\/05\/une-ceremonie-en-l-honneur-de-83-etudiants\/"},"modified":"2023-05-15T13:59:21","modified_gmt":"2023-05-15T10:59:21","slug":"une-ceremonie-en-l-honneur-de-83-etudiants","status":"publish","type":"post","link":"https:\/\/homs-univ.edu.sy\/fr\/2023\/05\/une-ceremonie-en-l-honneur-de-83-etudiants\/","title":{"rendered":"L&rsquo;Universit\u00e9 Al Baath a organis\u00e9 une c\u00e9r\u00e9monie en l&rsquo;honneur de 83 \u00e9tudiants de le Facult\u00e9s de G\u00e9nie M\u00e9canique et \u00c9lectrique"},"content":{"rendered":"<p>L&rsquo;Universit\u00e9 Al Baath a organis\u00e9 une c\u00e9r\u00e9monie en l&rsquo;honneur de 83 \u00e9tudiants majors de la Facult\u00e9 de G\u00e9nie m\u00e9canique et \u00c9lectrique, au titre de l&rsquo;ann\u00e9e universitaire 2021- 2022. La c\u00e9r\u00e9monie a eu lieu au grand amphith\u00e9\u00e2tre de la Facult\u00e9 des Lettres et des Sciences Humaines.<\/p>\n<p>Prof. Ilyas Butros, vice-recteur charg\u00e9 des affaires administratives et \u00e9tudiantes, a f\u00e9licit\u00e9 les \u00e9tudiants majors et leur a souhait\u00e9 encore beaucoup de r\u00e9ussite indiquant que la Facult\u00e9 de G\u00e9nie m\u00e9canique et \u00c9lectrique et ses diff\u00e9rentes sp\u00e9cialisation joue un r\u00f4le pionnier dans le secteur industriel puisqu&rsquo;elle forme des cadres qualifi\u00e9s capables de d\u00e9velopper les \u00e9tablissements industriels pendant la phase de la reconstruction en Syrie. <\/p>\n<p>D&rsquo;ailleurs, Prof. Eid Al Aboud, doyen de la Facult\u00e9 de G\u00e9nie m\u00e9canique et \u00c9lectrique s&rsquo;est f\u00e9licit\u00e9 du succ\u00e8s des \u00e9tudiants majors qui s&rsquo;appr\u00eatent \u00e0 devenir les ing\u00e9nieurs de futur dans les diff\u00e9rents domaines pour participer \u00e0 la reconstruction de notre pays. <\/p>\n<p>. <\/p>\n","protected":false},"excerpt":{"rendered":"<p>L&rsquo;Universit\u00e9 Al Baath a organis\u00e9 une c\u00e9r\u00e9monie en l&rsquo;honneur de 83 \u00e9tudiants majors de la Facult\u00e9 de G\u00e9nie m\u00e9canique et \u00c9lectrique, au titre de l&rsquo;ann\u00e9e universitaire<span class=\"excerpt-hellip\"> [\u2026]<\/span><\/p>\n","protected":false},"author":4,"featured_media":63424,"comment_status":"closed","ping_status":"closed","sticky":false,"template":"","format":"standard","meta":{"_acf_changed":false,"footnotes":""},"categories":[125,119],"tags":[],"class_list":["post-63507","post","type-post","status-publish","format-standard","has-post-thumbnail","hentry","category-ceremonie-de-remise-de-diplomes","category-special"],"acf":[],"_links":{"self":[{"href":"https:\/\/homs-univ.edu.sy\/fr\/wp-json\/wp\/v2\/posts\/63507","targetHints":{"allow":["GET"]}}],"collection":[{"href":"https:\/\/homs-univ.edu.sy\/fr\/wp-json\/wp\/v2\/posts"}],"about":[{"href":"https:\/\/homs-univ.edu.sy\/fr\/wp-json\/wp\/v2\/types\/post"}],"author":[{"embeddable":true,"href":"https:\/\/homs-univ.edu.sy\/fr\/wp-json\/wp\/v2\/users\/4"}],"replies":[{"embeddable":true,"href":"https:\/\/homs-univ.edu.sy\/fr\/wp-json\/wp\/v2\/comments?post=63507"}],"version-history":[{"count":0,"href":"https:\/\/homs-univ.edu.sy\/fr\/wp-json\/wp\/v2\/posts\/63507\/revisions"}],"wp:featuredmedia":[{"embeddable":true,"href":"https:\/\/homs-univ.edu.sy\/fr\/wp-json\/wp\/v2\/media\/63424"}],"wp:attachment":[{"href":"https:\/\/homs-univ.edu.sy\/fr\/wp-json\/wp\/v2\/media?parent=63507"}],"wp:term":[{"taxonomy":"category","embeddable":true,"href":"https:\/\/homs-univ.edu.sy\/fr\/wp-json\/wp\/v2\/categories?post=63507"},{"taxonomy":"post_tag","embeddable":true,"href":"https:\/\/homs-univ.edu.sy\/fr\/wp-json\/wp\/v2\/tags?post=63507"}],"curies":[{"name":"wp","href":"https:\/\/api.w.org\/{rel}","templated":true}]}}