{"id":71734,"date":"2024-02-12T13:09:22","date_gmt":"2024-02-12T10:09:22","guid":{"rendered":"https:\/\/homs-univ.edu.sy\/2024\/02\/une-reunion-de-dialogue-a-l-universite-al-baath-sur-l-institut-national-d-administration-publique\/"},"modified":"2024-02-12T13:09:22","modified_gmt":"2024-02-12T10:09:22","slug":"une-reunion-de-dialogue-a-l-universite-al-baath-sur-l-institut-national-d-administration-publique","status":"publish","type":"post","link":"https:\/\/homs-univ.edu.sy\/fr\/2024\/02\/une-reunion-de-dialogue-a-l-universite-al-baath-sur-l-institut-national-d-administration-publique\/","title":{"rendered":"Une r\u00e9union de dialogue \u00e0 l&rsquo;Universit\u00e9 Al Baath sur l&rsquo;Institut National d&rsquo;Administration Publique et son r\u00f4le dans le d\u00e9veloppement des administrations"},"content":{"rendered":"<p>Dans le but de qualifier les cadres et le personnel administratif et de d\u00e9velopper les ressources humaines, l&rsquo;Institut national de l&rsquo;administration publique, en coop\u00e9ration avec l&rsquo;Universit\u00e9 Al Baath de Homs, a organis\u00e9 une r\u00e9union de dialogue sur l&rsquo;Institut et son r\u00f4le pionnier dans le d\u00e9veloppement des administrations publiques, \u00e0 l&rsquo;amphith\u00e9\u00e2tre Al Bassel au sein de la Facult\u00e9 de G\u00e9nie Civil, dans le cadre de la pr\u00e9paration au vingt-deuxi\u00e8me session pr\u00e9paratoire organis\u00e9e par l&rsquo;Institut.  <\/p>\n<p>Prof. Abdel Basset Al Khatib, recteur de l&rsquo;Universit\u00e9 Al Baath, a confirm\u00e9 que l&rsquo;universit\u00e9 s&rsquo;efforce de former des cadres distingu\u00e9s dans tous les domaines, de soutenir et d&rsquo;approfondir la coop\u00e9ration conjointe entre l&rsquo;universit\u00e9 et l&rsquo;institut, dans le but de d\u00e9velopper leur expertise en mati\u00e8re de formation et de qualification dans les domaines appropri\u00e9s \u00e0 la phase de reconstruction. <\/p>\n<p>Lors de son discours, Prof. Maan Salama, vice-recteur de l&rsquo;Universit\u00e9 Al Baath charg\u00e9 des affaires scientifiques, a soulign\u00e9 l&rsquo;importance de cette r\u00e9union car elle pr\u00e9sente aux dipl\u00f4m\u00e9s les diverses sp\u00e9cialisations de l&rsquo;Institut national d&rsquo;administration publique, la formation et les qualifications fournies pour qu&rsquo;ils soient des leadeurs dans les \u00e9tablissements publiques dans le domaine de la r\u00e9forme et du d\u00e9veloppement administratif. Il a indiqu\u00e9 que l&rsquo;Institut national d&rsquo;administration publique s&rsquo;occupe de la pr\u00e9paration des ressources humaines et par cons\u00e9quent, du d\u00e9veloppement des services et des institutions \u00e9conomiques.  <\/p>\n<p>A son tour, l&rsquo;ing\u00e9nieur Aber Abboud, chef adjoint du bureau ex\u00e9cutif du gouvernorat de Homs, a indiqu\u00e9 que la science de l&rsquo;administration s&rsquo;est d\u00e9velopp\u00e9e rapidement et est devenue un domaine de concurrence entre les pays et les grandes entreprises, ce qui n\u00e9cessite la pr\u00e9sence de sp\u00e9cialistes et de personnes comp\u00e9tentes soulignant le r\u00f4le important de l&rsquo;Institut National d&rsquo;Administration Publique dans nos institutions publiques.   <\/p>\n<p>Prof. Abdel Hamid Al Khalil, doyen de l&rsquo;Institut National d&rsquo;Administration Publique, a \u00e9galement parl\u00e9 des exp\u00e9riences pratiques et appliqu\u00e9es que l&rsquo;institut offre \u00e0 ses \u00e9tudiants dans toutes les sp\u00e9cialisations, ainsi que du vingt et uni\u00e8me session pr\u00e9paratoire prochainement organis\u00e9e par l&rsquo;Institut. <\/p>\n<p>.<\/p>\n<p>Il est not\u00e9 que la dur\u00e9e des \u00e9tudes \u00e0 l&rsquo;institut est de 24 mois, divis\u00e9e en deux phases (th\u00e9orique et pratique) et que l&rsquo;institut a \u00e9t\u00e9 ouvert conform\u00e9ment au d\u00e9cret l\u00e9gislatif n\u00b0 27 de l&rsquo;an 2002. <\/p>\n<p>Prof. Mahmoud Hadid et Prof. Nidal Sattouf, vice-recteurs de l&rsquo;unversit\u00e9, Prof. Fadi Morshed, secr\u00e9taire de l&rsquo;universit\u00e9, Prof. Monzer Al Nasser, doyen de la facult\u00e9 de tourisme, M. Tamman Al Sibai, membre du bureau ex\u00e9cutif du gouvernorat de Homs, Prof. Fedaa Al Nasser vice-recteur de l&rsquo;institut et Prof. Ayat Al Halak, membre du corps professoral \u00e0 l&rsquo;institut ont asist\u00e9 \u00e0 la r\u00e9union.    <\/p>\n","protected":false},"excerpt":{"rendered":"<p>Dans le but de qualifier les cadres et le personnel administratif et de d\u00e9velopper les ressources humaines, l&rsquo;Institut national de l&rsquo;administration publique, en coop\u00e9ration avec l&rsquo;Universit\u00e9<span class=\"excerpt-hellip\"> [\u2026]<\/span><\/p>\n","protected":false},"author":4,"featured_media":71613,"comment_status":"closed","ping_status":"closed","sticky":false,"template":"","format":"standard","meta":{"_acf_changed":false,"footnotes":""},"categories":[110],"tags":[],"class_list":["post-71734","post","type-post","status-publish","format-standard","has-post-thumbnail","hentry","category-actualites"],"acf":[],"_links":{"self":[{"href":"https:\/\/homs-univ.edu.sy\/fr\/wp-json\/wp\/v2\/posts\/71734","targetHints":{"allow":["GET"]}}],"collection":[{"href":"https:\/\/homs-univ.edu.sy\/fr\/wp-json\/wp\/v2\/posts"}],"about":[{"href":"https:\/\/homs-univ.edu.sy\/fr\/wp-json\/wp\/v2\/types\/post"}],"author":[{"embeddable":true,"href":"https:\/\/homs-univ.edu.sy\/fr\/wp-json\/wp\/v2\/users\/4"}],"replies":[{"embeddable":true,"href":"https:\/\/homs-univ.edu.sy\/fr\/wp-json\/wp\/v2\/comments?post=71734"}],"version-history":[{"count":0,"href":"https:\/\/homs-univ.edu.sy\/fr\/wp-json\/wp\/v2\/posts\/71734\/revisions"}],"wp:featuredmedia":[{"embeddable":true,"href":"https:\/\/homs-univ.edu.sy\/fr\/wp-json\/wp\/v2\/media\/71613"}],"wp:attachment":[{"href":"https:\/\/homs-univ.edu.sy\/fr\/wp-json\/wp\/v2\/media?parent=71734"}],"wp:term":[{"taxonomy":"category","embeddable":true,"href":"https:\/\/homs-univ.edu.sy\/fr\/wp-json\/wp\/v2\/categories?post=71734"},{"taxonomy":"post_tag","embeddable":true,"href":"https:\/\/homs-univ.edu.sy\/fr\/wp-json\/wp\/v2\/tags?post=71734"}],"curies":[{"name":"wp","href":"https:\/\/api.w.org\/{rel}","templated":true}]}}