{"id":86555,"date":"2025-08-11T13:34:26","date_gmt":"2025-08-11T10:34:26","guid":{"rendered":"https:\/\/homs-univ.edu.sy\/2025\/08\/annuler-la-decision-du-conseil-de-luniversite-n-1105-du-17-6-2025-fixant-la-date-de-fin-du-premier-semestre-pour-les-etudiants-du-master-de-qualification-et-de-specialisation-a-linstitut-su\/"},"modified":"2025-08-11T13:34:26","modified_gmt":"2025-08-11T10:34:26","slug":"annuler-la-decision-du-conseil-de-luniversite-n-1105-du-17-6-2025-fixant-la-date-de-fin-du-premier-semestre-pour-les-etudiants-du-master-de-qualification-et-de-specialisation-a-linstitut-su","status":"publish","type":"post","link":"https:\/\/homs-univ.edu.sy\/fr\/2025\/08\/annuler-la-decision-du-conseil-de-luniversite-n-1105-du-17-6-2025-fixant-la-date-de-fin-du-premier-semestre-pour-les-etudiants-du-master-de-qualification-et-de-specialisation-a-linstitut-su\/","title":{"rendered":"Annuler la d\u00e9cision du Conseil de l&rsquo;Universit\u00e9 N\u00b0\/1105\/ du 17\/6\/2025 fixant la date de fin du premier semestre pour les \u00e9tudiants du master de qualification et de sp\u00e9cialisation \u00e0 l&rsquo;institut Sup\u00e9rieur des Langues \u00e0 l&rsquo;Universit\u00e9 de Homs pour l&rsquo;ann\u00e9e universitaire 2024-2025, en raison de l&rsquo;impossibilit\u00e9 de sa mise en \u0153uvre."},"content":{"rendered":"<p><a href=\"https:\/\/homs-univ.edu.sy\/wp-content\/uploads\/2025\/08\/%D8%B7%D9%8A-%D9%82%D8%B1%D8%A7%D8%B1-%D9%85%D8%AC%D9%84%D8%B3-%D8%A7%D9%84%D8%AC%D8%A7%D9%85%D8%B9%D8%A9-%D8%B1%D9%82%D9%851105-%D8%AA%D8%A7%D8%B1%D9%8A%D8%AE-%D8%A7%D9%84%D9%85%D8%AA%D8%B6%D9%85%D9%86-%D8%AA%D8%AD%D8%AF%D9%8A%D8%AF-%D9%85%D9%88%D8%B9%D8%AF-%D8%A7%D9%86%D8%AA%D9%87%D8%A7%D8%A1-%D8%A7%D9%84%D9%81%D8%B5%D9%84-%D8%A7%D9%84%D8%AF%D8%B1%D8%A7%D8%B3%D9%8A-%D8%A7%D9%84%D8%A3%D9%88%D9%84-%D9%84%D8%B7%D9%84%D8%A7%D8%A8-%D9%85%D8%A7%D8%AC%D8%B3%D8%AA%D9%8A%D8%B1-%D8%A7%D9%84%D8%AA%D8%A3%D9%87%D9%8A%D9%84-%D9%88%D8%A7%D9%84%D8%AA%D8%AE%D8%B5%D8%B5-%D9%81%D9%8A-%D8%A7%D9%84%D9%85%D8%B9%D9%87%D8%AF-%D8%A7%D9%84%D8%B9%D8%A7%D9%84%D9%8A-%D9%84%D9%84%D8%BA%D8%A7%D8%AA.pdf\">Annuler la d\u00e9cision du Conseil de l&rsquo;Universit\u00e9 N\u00b0\/1105\/ du 17\/6\/2025 fixant la date de fin du premier semestre pour les \u00e9tudiants du master de qualification et de sp\u00e9cialisation \u00e0 l&rsquo;institut Sup\u00e9rieur des Langues \u00e0 l&rsquo;Universit\u00e9 de Homs pour l&rsquo;ann\u00e9e universitaire 2024-2025, en raison de l&rsquo;impossibilit\u00e9 de sa mise en \u0153uvre.<\/a><\/p>\n","protected":false},"excerpt":{"rendered":"<p>Annuler la d\u00e9cision du Conseil de l&rsquo;Universit\u00e9 N\u00b0\/1105\/ du 17\/6\/2025 fixant la date de fin du premier semestre pour les \u00e9tudiants du master de qualification et<span class=\"excerpt-hellip\"> [\u2026]<\/span><\/p>\n","protected":false},"author":9,"featured_media":55994,"comment_status":"closed","ping_status":"closed","sticky":false,"template":"","format":"standard","meta":{"_acf_changed":false,"footnotes":""},"categories":[116],"tags":[],"class_list":["post-86555","post","type-post","status-publish","format-standard","has-post-thumbnail","hentry","category-decisions-du-conseil-universitaire"],"acf":[],"_links":{"self":[{"href":"https:\/\/homs-univ.edu.sy\/fr\/wp-json\/wp\/v2\/posts\/86555","targetHints":{"allow":["GET"]}}],"collection":[{"href":"https:\/\/homs-univ.edu.sy\/fr\/wp-json\/wp\/v2\/posts"}],"about":[{"href":"https:\/\/homs-univ.edu.sy\/fr\/wp-json\/wp\/v2\/types\/post"}],"author":[{"embeddable":true,"href":"https:\/\/homs-univ.edu.sy\/fr\/wp-json\/wp\/v2\/users\/9"}],"replies":[{"embeddable":true,"href":"https:\/\/homs-univ.edu.sy\/fr\/wp-json\/wp\/v2\/comments?post=86555"}],"version-history":[{"count":0,"href":"https:\/\/homs-univ.edu.sy\/fr\/wp-json\/wp\/v2\/posts\/86555\/revisions"}],"wp:featuredmedia":[{"embeddable":true,"href":"https:\/\/homs-univ.edu.sy\/fr\/wp-json\/wp\/v2\/media\/55994"}],"wp:attachment":[{"href":"https:\/\/homs-univ.edu.sy\/fr\/wp-json\/wp\/v2\/media?parent=86555"}],"wp:term":[{"taxonomy":"category","embeddable":true,"href":"https:\/\/homs-univ.edu.sy\/fr\/wp-json\/wp\/v2\/categories?post=86555"},{"taxonomy":"post_tag","embeddable":true,"href":"https:\/\/homs-univ.edu.sy\/fr\/wp-json\/wp\/v2\/tags?post=86555"}],"curies":[{"name":"wp","href":"https:\/\/api.w.org\/{rel}","templated":true}]}}