{"id":97222,"date":"2026-08-24T20:46:08","date_gmt":"2026-08-24T17:46:08","guid":{"rendered":"https:\/\/homs-univ.edu.sy\/2026\/08\/premiere-session-de-formation-pour-les-etudiants-desireux-de-sinscrire-au-concours-dacces-a-la-faculte-darchitecture\/"},"modified":"2026-08-24T20:46:08","modified_gmt":"2026-08-24T17:46:08","slug":"premiere-session-de-formation-pour-les-etudiants-desireux-de-sinscrire-au-concours-dacces-a-la-faculte-darchitecture","status":"publish","type":"post","link":"https:\/\/homs-univ.edu.sy\/fr\/2026\/08\/premiere-session-de-formation-pour-les-etudiants-desireux-de-sinscrire-au-concours-dacces-a-la-faculte-darchitecture\/","title":{"rendered":"Premi\u00e8re session de formation pour les \u00e9tudiants d\u00e9sireux de s&rsquo;inscrire au concours d&rsquo;acc\u00e8s \u00e0 la Facult\u00e9 d&rsquo;Architecture"},"content":{"rendered":"<p>La Facult\u00e9 d&rsquo;Architecture, \u00e0 l&rsquo;Universit\u00e9 de Homs, a organis\u00e9 la premi\u00e8re session de formation destin\u00e9e aux \u00e9tudiants d\u00e9sireux de s&rsquo;inscrire au concours d&rsquo;acc\u00e8s \u00e0 la Facult\u00e9 d&rsquo;Architecture, avec la participation de \/120\/ \u00e9tudiants, sachant que la dur\u00e9e de la session est de 6 jours.<\/p>\n<p>Cette session aborde les comp\u00e9tences suivantes : les principes et les techniques du dessin \u00e0 main, le dessin en perspective et l\u2019application des r\u00e8gles d\u2019ombrage, une introduction aux principes de l\u2019espace et du volume tridimensionnels, ainsi que l\u2019\u00e9tude des ombres. Elle pr\u00e9sente \u00e9galement les conditions et les r\u00e9glements de participation au concours d\u2019admission.<\/p>\n<p>Le recteur de l\u2019universit\u00e9, Prof. Tarek HOUSSAM ELDEEN, a expliqu\u00e9 que l\u2019universit\u00e9 s\u2019engage \u00e0 organiser ces sessions de formation chaque ann\u00e9e afin de promouvoir les comp\u00e9tences des \u00e9tudiants et de les pr\u00e9parer aux exigences des \u00e9tudes d\u2019architecture.<\/p>\n<p>La r\u00e9ussite au concours est une condition d\u2019admission \u00e0 la facult\u00e9, sous r\u00e9serve du respect des exigences et de la moyenne g\u00e9n\u00e9rale requise<\/p>\n","protected":false},"excerpt":{"rendered":"<p>La Facult\u00e9 d&rsquo;Architecture, \u00e0 l&rsquo;Universit\u00e9 de Homs, a organis\u00e9 la premi\u00e8re session de formation destin\u00e9e aux \u00e9tudiants d\u00e9sireux de s&rsquo;inscrire au concours d&rsquo;acc\u00e8s \u00e0 la Facult\u00e9<span class=\"excerpt-hellip\"> [\u2026]<\/span><\/p>\n","protected":false},"author":4,"featured_media":97158,"comment_status":"closed","ping_status":"closed","sticky":false,"template":"","format":"standard","meta":{"_acf_changed":false,"footnotes":""},"categories":[258,119],"tags":[],"class_list":["post-97222","post","type-post","status-publish","format-standard","has-post-thumbnail","hentry","category-concours-conferences-activites","category-special"],"acf":[],"_links":{"self":[{"href":"https:\/\/homs-univ.edu.sy\/fr\/wp-json\/wp\/v2\/posts\/97222","targetHints":{"allow":["GET"]}}],"collection":[{"href":"https:\/\/homs-univ.edu.sy\/fr\/wp-json\/wp\/v2\/posts"}],"about":[{"href":"https:\/\/homs-univ.edu.sy\/fr\/wp-json\/wp\/v2\/types\/post"}],"author":[{"embeddable":true,"href":"https:\/\/homs-univ.edu.sy\/fr\/wp-json\/wp\/v2\/users\/4"}],"replies":[{"embeddable":true,"href":"https:\/\/homs-univ.edu.sy\/fr\/wp-json\/wp\/v2\/comments?post=97222"}],"version-history":[{"count":0,"href":"https:\/\/homs-univ.edu.sy\/fr\/wp-json\/wp\/v2\/posts\/97222\/revisions"}],"wp:featuredmedia":[{"embeddable":true,"href":"https:\/\/homs-univ.edu.sy\/fr\/wp-json\/wp\/v2\/media\/97158"}],"wp:attachment":[{"href":"https:\/\/homs-univ.edu.sy\/fr\/wp-json\/wp\/v2\/media?parent=97222"}],"wp:term":[{"taxonomy":"category","embeddable":true,"href":"https:\/\/homs-univ.edu.sy\/fr\/wp-json\/wp\/v2\/categories?post=97222"},{"taxonomy":"post_tag","embeddable":true,"href":"https:\/\/homs-univ.edu.sy\/fr\/wp-json\/wp\/v2\/tags?post=97222"}],"curies":[{"name":"wp","href":"https:\/\/api.w.org\/{rel}","templated":true}]}}