{"id":97233,"date":"2026-08-19T14:08:15","date_gmt":"2026-08-19T11:08:15","guid":{"rendered":"https:\/\/homs-univ.edu.sy\/2026\/08\/un-atelier-sur-le-droit-international-humanitaire-sest-tenu-a-luniversite-de-homs-en-cooperation-avec-la-croix-rouge-et-le-croissant-rouge\/"},"modified":"2026-08-19T14:08:15","modified_gmt":"2026-08-19T11:08:15","slug":"un-atelier-sur-le-droit-international-humanitaire-sest-tenu-a-luniversite-de-homs-en-cooperation-avec-la-croix-rouge-et-le-croissant-rouge","status":"publish","type":"post","link":"https:\/\/homs-univ.edu.sy\/fr\/2026\/08\/un-atelier-sur-le-droit-international-humanitaire-sest-tenu-a-luniversite-de-homs-en-cooperation-avec-la-croix-rouge-et-le-croissant-rouge\/","title":{"rendered":"Un atelier sur \u00ab le droit international humanitaire \u00bb s&rsquo;est tenu \u00e0 l&rsquo;universit\u00e9 de Homs en coop\u00e9ration avec la Croix-Rouge et le Croissant-Rouge"},"content":{"rendered":"<p>En coop\u00e9ration avec le Comit\u00e9 international de la Croix-Rouge (CICR) et le Croissant-Rouge Arabe Syrien (CRAS), la Facult\u00e9 de Droit, \u00e0 l&rsquo;Universit\u00e9 de Homs, a organis\u00e9 un atelier sp\u00e9cialis\u00e9 sur le \u00ab Droit international humanitaire \u00bb destin\u00e9 \u00e0 40 \u00e9tudiants de premier et deuxi\u00e8me cycles universitaires.<\/p>\n<p>Le recteur de l&rsquo;universit\u00e9, Prof. Tarek HOUSAM ELDEEN, a soulign\u00e9 que cet atelier s&rsquo;inscrit dans le cadre de l&rsquo;engagement de l&rsquo;universit\u00e9 \u00e0 renforcer ses partenariats avec les organisations internationales et locales actives. Il a indiqu\u00e9 que l&rsquo;universit\u00e9 n&rsquo;est plus seulement un lieu d&rsquo;acquisition de connaissances th\u00e9oriques, mais qu&rsquo;elle est devenue une plateforme essentielle pour sensibiliser, d\u00e9velopper les capacit\u00e9s nationales et consolider les principes du droit international humanitaire.<\/p>\n<p>De son c\u00f4t\u00e9, Dr. Muhammad Mu&rsquo;taz ATASSI, directeur du CRAS \u00e0 Homs, a indiqu\u00e9 que l&rsquo;atelier s&rsquo;est organis\u00e9 dans le cadre d&rsquo;un partenariat fructueux avec l&rsquo;universit\u00e9 et le CICR, avec la participation d&rsquo;experts internationaux en droit international humanitaire.<\/p>\n<p>Pour sa part, Mme. Xianchun Ho, directrice de la d\u00e9l\u00e9gation du CICR \u00e0 Homs, a expliqu\u00e9 que ce s\u00e9minaire s&rsquo;inscrit dans le cadre du plan d&rsquo;action du minist\u00e8re de l&rsquo;Enseignement Sup\u00e9rieur, men\u00e9 en coop\u00e9ration avec le CICR, visant \u00e0 promouvoir la recherche universitaire et \u00e0 diffuser les principes du droit international humanitaire. Elle a soulign\u00e9 le r\u00f4le humanitaire ind\u00e9pendant et neutre du CICR qui assure la protection et l&rsquo;assistance aux victimes des conflits arm\u00e9s et soutient l&rsquo;int\u00e9gration des conventions internationales dans la l\u00e9gislation nationale.<\/p>\n<p>L&rsquo;atelier a dur\u00e9 deux jours et a compris plusieurs conf\u00e9rences et s\u00e9ances dans le premier jour : une pr\u00e9sentation du CICR et de ses activit\u00e9s en Syrie, une pr\u00e9sentation du Croissant-Rouge arabe syrien et une introduction au droit international humanitaire.<\/p>\n","protected":false},"excerpt":{"rendered":"<p>En coop\u00e9ration avec le Comit\u00e9 international de la Croix-Rouge (CICR) et le Croissant-Rouge Arabe Syrien (CRAS), la Facult\u00e9 de Droit, \u00e0 l&rsquo;Universit\u00e9 de Homs, a organis\u00e9<span class=\"excerpt-hellip\"> [\u2026]<\/span><\/p>\n","protected":false},"author":4,"featured_media":97032,"comment_status":"closed","ping_status":"closed","sticky":false,"template":"","format":"standard","meta":{"_acf_changed":false,"footnotes":""},"categories":[271,119],"tags":[],"class_list":["post-97233","post","type-post","status-publish","format-standard","has-post-thumbnail","hentry","category-ateliers","category-special"],"acf":[],"_links":{"self":[{"href":"https:\/\/homs-univ.edu.sy\/fr\/wp-json\/wp\/v2\/posts\/97233","targetHints":{"allow":["GET"]}}],"collection":[{"href":"https:\/\/homs-univ.edu.sy\/fr\/wp-json\/wp\/v2\/posts"}],"about":[{"href":"https:\/\/homs-univ.edu.sy\/fr\/wp-json\/wp\/v2\/types\/post"}],"author":[{"embeddable":true,"href":"https:\/\/homs-univ.edu.sy\/fr\/wp-json\/wp\/v2\/users\/4"}],"replies":[{"embeddable":true,"href":"https:\/\/homs-univ.edu.sy\/fr\/wp-json\/wp\/v2\/comments?post=97233"}],"version-history":[{"count":0,"href":"https:\/\/homs-univ.edu.sy\/fr\/wp-json\/wp\/v2\/posts\/97233\/revisions"}],"wp:featuredmedia":[{"embeddable":true,"href":"https:\/\/homs-univ.edu.sy\/fr\/wp-json\/wp\/v2\/media\/97032"}],"wp:attachment":[{"href":"https:\/\/homs-univ.edu.sy\/fr\/wp-json\/wp\/v2\/media?parent=97233"}],"wp:term":[{"taxonomy":"category","embeddable":true,"href":"https:\/\/homs-univ.edu.sy\/fr\/wp-json\/wp\/v2\/categories?post=97233"},{"taxonomy":"post_tag","embeddable":true,"href":"https:\/\/homs-univ.edu.sy\/fr\/wp-json\/wp\/v2\/tags?post=97233"}],"curies":[{"name":"wp","href":"https:\/\/api.w.org\/{rel}","templated":true}]}}